{"id":6521,"date":"2022-05-09T13:12:31","date_gmt":"2022-05-09T13:12:31","guid":{"rendered":"https:\/\/patiotime.loftocean.com\/demo2\/?p=13"},"modified":"2022-05-10T22:26:27","modified_gmt":"2022-05-10T22:26:27","slug":"el-jardin-del-abuelo","status":"publish","type":"post","link":"https:\/\/terrazaeljardindelabuelo.es\/index.php\/2022\/05\/09\/el-jardin-del-abuelo\/","title":{"rendered":"El Jard\u00edn del Abuelo"},"content":{"rendered":"\n<p>Un nueva aventura gastron\u00f3mica, un concepto de honrar nuestras ra\u00edces, nuestro camino en un mundo apasionante entre ingredientes, sonrisas de comensales y equipo humano que crece en nuestra casa.<\/p>\n\n\n\n<p>El Jard\u00edn del Abuelo nace y crecer\u00e1 en pleno coraz\u00f3n de Madrid, un oasis gastron\u00f3mico de cocina mediterr\u00e1nea, innovaci\u00f3n y vanguardia gracias un excelente equipo de cocina impulsado por fundadores y equipo de sala.<\/p>\n\n\n\n<p>Nuestro espacio ser\u00e1 un remanso de paz, un lugar donde deleitarse con sabores de nuestra cocina, un lugar donde hacer viajar los sentidos a trav\u00e9s de una elaboraciones cuidadas desde el origen hasta el plato.<\/p>\n\n\n\n<p>\u00bfPreparado para sentirse como en casa?<\/p>\n\n\n\n<p>\u00bfD\u00f3nde puede realizar su reserva?<\/p>\n\n\n\n<p>Podr\u00e1 realizar su reserva en nuestra p\u00e1gina de reservas y para facilitarle la b\u00fasqueda s\u00f3lo ha de pulsar en el bot\u00f3n de reservar para que nuestro equipo pueda confirmar su visita.<\/p>\n\n\n\n<div class=\"wp-block-buttons is-layout-flex wp-block-buttons-is-layout-flex\">\n<div class=\"wp-block-button aligncenter\"><a class=\"wp-block-button__link\" href=\"https:\/\/terrazaeljardindelabuelo.es\/index.php\/reservas\/\">Reservar<\/a><\/div>\n<\/div>\n\n\n\n<figure class=\"wp-block-image size-full\"><img fetchpriority=\"high\" decoding=\"async\" width=\"1024\" height=\"683\" src=\"https:\/\/terrazaeljardindelabuelo.es\/wp-content\/uploads\/2022\/05\/el-jardin-del-abuelo-entrada-blog.jpg\" alt=\"\" class=\"wp-image-7000\" srcset=\"https:\/\/terrazaeljardindelabuelo.es\/wp-content\/uploads\/2022\/05\/el-jardin-del-abuelo-entrada-blog.jpg 1024w, https:\/\/terrazaeljardindelabuelo.es\/wp-content\/uploads\/2022\/05\/el-jardin-del-abuelo-entrada-blog-300x200.jpg 300w, https:\/\/terrazaeljardindelabuelo.es\/wp-content\/uploads\/2022\/05\/el-jardin-del-abuelo-entrada-blog-768x512.jpg 768w, https:\/\/terrazaeljardindelabuelo.es\/wp-content\/uploads\/2022\/05\/el-jardin-del-abuelo-entrada-blog-780x520.jpg 780w, https:\/\/terrazaeljardindelabuelo.es\/wp-content\/uploads\/2022\/05\/el-jardin-del-abuelo-entrada-blog-600x400.jpg 600w, https:\/\/terrazaeljardindelabuelo.es\/wp-content\/uploads\/2022\/05\/el-jardin-del-abuelo-entrada-blog-550x367.jpg 550w, https:\/\/terrazaeljardindelabuelo.es\/wp-content\/uploads\/2022\/05\/el-jardin-del-abuelo-entrada-blog-370x247.jpg 370w, https:\/\/terrazaeljardindelabuelo.es\/wp-content\/uploads\/2022\/05\/el-jardin-del-abuelo-entrada-blog-255x170.jpg 255w\" sizes=\"(max-width: 1024px) 100vw, 1024px\" \/><\/figure>\n","protected":false},"excerpt":{"rendered":"<p>Un nueva aventura gastron\u00f3mica, un concepto de honrar nuestras ra\u00edces, nuestro camino en un mundo apasionante entre ingredientes, sonrisas de comensales y equipo humano que crece en nuestra casa. El Jard\u00edn del Abuelo nace y crecer\u00e1 en pleno coraz\u00f3n de Madrid, un oasis gastron\u00f3mico de cocina mediterr\u00e1nea, innovaci\u00f3n y vanguardia gracias un excelente equipo de &#8230;<\/p>\n","protected":false},"author":1,"featured_media":6024,"comment_status":"open","ping_status":"open","sticky":false,"template":"","format":"standard","meta":{"loftocean_post_format_gallery":"","loftocean_post_format_gallery_ids":"","loftocean_post_format_gallery_urls":"","loftocean_post_format_video_id":0,"loftocean_post_format_video_url":"","loftocean_post_format_video_type":"","loftocean_post_format_video":"","loftocean_post_format_audio_type":"","loftocean_post_format_audio_url":"","loftocean_post_format_audio_id":0,"loftocean_post_format_audio":"","loftocean-like-count":0,"patiotime_single_post_hide_site_header":"","patiotime_single_post_site_header_source":"","patiotime_single_post_custom_site_header":"0","patiotime_single_post_custom_sticky_site_header":"0","patiotime_single_post_site_footer_hide_main":"","patiotime_single_post_site_footer_hide_above":"","patiotime_single_post_site_footer_hide_instagram":"","patiotime_single_post_site_footer_hide_bottom":"","patiotime_single_post_template":"","footnotes":""},"categories":[16,1],"tags":[],"class_list":["post-6521","post","type-post","status-publish","format-standard","has-post-thumbnail","hentry","category-en-prensa","category-general"],"yoast_head":"<!-- This site is optimized with the Yoast SEO plugin v27.4 - https:\/\/yoast.com\/product\/yoast-seo-wordpress\/ -->\n<title>El Jard\u00edn del Abuelo - El Jard\u00edn del Abuelo<\/title>\n<meta name=\"description\" content=\"El Jard\u00edn del Abuelo, un nuevo oasis gastron\u00f3mico en pleno coraz\u00f3n de Madrid, de cocina mediterr\u00e1nea y a la vanguardia para deleitarle.\" \/>\n<meta name=\"robots\" content=\"index, follow, max-snippet:-1, max-image-preview:large, max-video-preview:-1\" \/>\n<link rel=\"canonical\" href=\"https:\/\/terrazaeljardindelabuelo.es\/index.php\/2022\/05\/09\/el-jardin-del-abuelo\/\" \/>\n<meta property=\"og:locale\" content=\"es_ES\" \/>\n<meta property=\"og:type\" content=\"article\" \/>\n<meta property=\"og:title\" content=\"El Jard\u00edn del Abuelo - El Jard\u00edn del Abuelo\" \/>\n<meta property=\"og:description\" content=\"El Jard\u00edn del Abuelo, un nuevo oasis gastron\u00f3mico en pleno coraz\u00f3n de Madrid, de cocina mediterr\u00e1nea y a la vanguardia para deleitarle.\" \/>\n<meta property=\"og:url\" content=\"https:\/\/terrazaeljardindelabuelo.es\/index.php\/2022\/05\/09\/el-jardin-del-abuelo\/\" \/>\n<meta property=\"og:site_name\" content=\"El Jard\u00edn del Abuelo\" \/>\n<meta property=\"article:published_time\" content=\"2022-05-09T13:12:31+00:00\" \/>\n<meta property=\"article:modified_time\" content=\"2022-05-10T22:26:27+00:00\" \/>\n<meta property=\"og:image\" content=\"https:\/\/terrazaeljardindelabuelo.es\/wp-content\/uploads\/2022\/04\/annie-spratt-TQSB-suJu1k-unsplash-5.jpg\" \/>\n\t<meta property=\"og:image:width\" content=\"1464\" \/>\n\t<meta property=\"og:image:height\" content=\"2200\" \/>\n\t<meta property=\"og:image:type\" content=\"image\/jpeg\" \/>\n<meta name=\"author\" content=\"admin\" \/>\n<meta name=\"twitter:card\" content=\"summary_large_image\" \/>\n<meta name=\"twitter:label1\" content=\"Escrito por\" \/>\n\t<meta name=\"twitter:data1\" content=\"admin\" \/>\n\t<meta name=\"twitter:label2\" content=\"Tiempo de lectura\" \/>\n\t<meta name=\"twitter:data2\" content=\"1 minuto\" \/>\n<script type=\"application\/ld+json\" class=\"yoast-schema-graph\">{\"@context\":\"https:\\\/\\\/schema.org\",\"@graph\":[{\"@type\":\"Article\",\"@id\":\"https:\\\/\\\/terrazaeljardindelabuelo.es\\\/index.php\\\/2022\\\/05\\\/09\\\/el-jardin-del-abuelo\\\/#article\",\"isPartOf\":{\"@id\":\"https:\\\/\\\/terrazaeljardindelabuelo.es\\\/index.php\\\/2022\\\/05\\\/09\\\/el-jardin-del-abuelo\\\/\"},\"author\":{\"name\":\"admin\",\"@id\":\"https:\\\/\\\/terrazaeljardindelabuelo.es\\\/#\\\/schema\\\/person\\\/e44906fa7c3bfd3bbab3ce08d9708485\"},\"headline\":\"El Jard\u00edn del Abuelo\",\"datePublished\":\"2022-05-09T13:12:31+00:00\",\"dateModified\":\"2022-05-10T22:26:27+00:00\",\"mainEntityOfPage\":{\"@id\":\"https:\\\/\\\/terrazaeljardindelabuelo.es\\\/index.php\\\/2022\\\/05\\\/09\\\/el-jardin-del-abuelo\\\/\"},\"wordCount\":159,\"commentCount\":0,\"publisher\":{\"@id\":\"https:\\\/\\\/terrazaeljardindelabuelo.es\\\/#organization\"},\"image\":{\"@id\":\"https:\\\/\\\/terrazaeljardindelabuelo.es\\\/index.php\\\/2022\\\/05\\\/09\\\/el-jardin-del-abuelo\\\/#primaryimage\"},\"thumbnailUrl\":\"https:\\\/\\\/terrazaeljardindelabuelo.es\\\/wp-content\\\/uploads\\\/2022\\\/04\\\/annie-spratt-TQSB-suJu1k-unsplash-5.jpg\",\"articleSection\":[\"En Prensa\",\"General\"],\"inLanguage\":\"es\",\"potentialAction\":[{\"@type\":\"CommentAction\",\"name\":\"Comment\",\"target\":[\"https:\\\/\\\/terrazaeljardindelabuelo.es\\\/index.php\\\/2022\\\/05\\\/09\\\/el-jardin-del-abuelo\\\/#respond\"]}]},{\"@type\":\"WebPage\",\"@id\":\"https:\\\/\\\/terrazaeljardindelabuelo.es\\\/index.php\\\/2022\\\/05\\\/09\\\/el-jardin-del-abuelo\\\/\",\"url\":\"https:\\\/\\\/terrazaeljardindelabuelo.es\\\/index.php\\\/2022\\\/05\\\/09\\\/el-jardin-del-abuelo\\\/\",\"name\":\"El Jard\u00edn del Abuelo - El Jard\u00edn del Abuelo\",\"isPartOf\":{\"@id\":\"https:\\\/\\\/terrazaeljardindelabuelo.es\\\/#website\"},\"primaryImageOfPage\":{\"@id\":\"https:\\\/\\\/terrazaeljardindelabuelo.es\\\/index.php\\\/2022\\\/05\\\/09\\\/el-jardin-del-abuelo\\\/#primaryimage\"},\"image\":{\"@id\":\"https:\\\/\\\/terrazaeljardindelabuelo.es\\\/index.php\\\/2022\\\/05\\\/09\\\/el-jardin-del-abuelo\\\/#primaryimage\"},\"thumbnailUrl\":\"https:\\\/\\\/terrazaeljardindelabuelo.es\\\/wp-content\\\/uploads\\\/2022\\\/04\\\/annie-spratt-TQSB-suJu1k-unsplash-5.jpg\",\"datePublished\":\"2022-05-09T13:12:31+00:00\",\"dateModified\":\"2022-05-10T22:26:27+00:00\",\"description\":\"El Jard\u00edn del Abuelo, un nuevo oasis gastron\u00f3mico en pleno coraz\u00f3n de Madrid, de cocina mediterr\u00e1nea y a la vanguardia para deleitarle.\",\"breadcrumb\":{\"@id\":\"https:\\\/\\\/terrazaeljardindelabuelo.es\\\/index.php\\\/2022\\\/05\\\/09\\\/el-jardin-del-abuelo\\\/#breadcrumb\"},\"inLanguage\":\"es\",\"potentialAction\":[{\"@type\":\"ReadAction\",\"target\":[\"https:\\\/\\\/terrazaeljardindelabuelo.es\\\/index.php\\\/2022\\\/05\\\/09\\\/el-jardin-del-abuelo\\\/\"]}]},{\"@type\":\"ImageObject\",\"inLanguage\":\"es\",\"@id\":\"https:\\\/\\\/terrazaeljardindelabuelo.es\\\/index.php\\\/2022\\\/05\\\/09\\\/el-jardin-del-abuelo\\\/#primaryimage\",\"url\":\"https:\\\/\\\/terrazaeljardindelabuelo.es\\\/wp-content\\\/uploads\\\/2022\\\/04\\\/annie-spratt-TQSB-suJu1k-unsplash-5.jpg\",\"contentUrl\":\"https:\\\/\\\/terrazaeljardindelabuelo.es\\\/wp-content\\\/uploads\\\/2022\\\/04\\\/annie-spratt-TQSB-suJu1k-unsplash-5.jpg\",\"width\":1464,\"height\":2200},{\"@type\":\"BreadcrumbList\",\"@id\":\"https:\\\/\\\/terrazaeljardindelabuelo.es\\\/index.php\\\/2022\\\/05\\\/09\\\/el-jardin-del-abuelo\\\/#breadcrumb\",\"itemListElement\":[{\"@type\":\"ListItem\",\"position\":1,\"name\":\"Inicio\",\"item\":\"https:\\\/\\\/terrazaeljardindelabuelo.es\\\/\"},{\"@type\":\"ListItem\",\"position\":2,\"name\":\"El Jard\u00edn del Abuelo\"}]},{\"@type\":\"WebSite\",\"@id\":\"https:\\\/\\\/terrazaeljardindelabuelo.es\\\/#website\",\"url\":\"https:\\\/\\\/terrazaeljardindelabuelo.es\\\/\",\"name\":\"El Jard\u00edn del Abuelo\",\"description\":\"Cocina Mediterr\u00e1nea\",\"publisher\":{\"@id\":\"https:\\\/\\\/terrazaeljardindelabuelo.es\\\/#organization\"},\"potentialAction\":[{\"@type\":\"SearchAction\",\"target\":{\"@type\":\"EntryPoint\",\"urlTemplate\":\"https:\\\/\\\/terrazaeljardindelabuelo.es\\\/?s={search_term_string}\"},\"query-input\":{\"@type\":\"PropertyValueSpecification\",\"valueRequired\":true,\"valueName\":\"search_term_string\"}}],\"inLanguage\":\"es\"},{\"@type\":\"Organization\",\"@id\":\"https:\\\/\\\/terrazaeljardindelabuelo.es\\\/#organization\",\"name\":\"Terraza El Jard\u00edn del Abuelo\",\"url\":\"https:\\\/\\\/terrazaeljardindelabuelo.es\\\/\",\"logo\":{\"@type\":\"ImageObject\",\"inLanguage\":\"es\",\"@id\":\"https:\\\/\\\/terrazaeljardindelabuelo.es\\\/#\\\/schema\\\/logo\\\/image\\\/\",\"url\":\"https:\\\/\\\/terrazaeljardindelabuelo.es\\\/wp-content\\\/uploads\\\/2022\\\/05\\\/homeprincipaleljardinabuelo-1024x576.png\",\"contentUrl\":\"https:\\\/\\\/terrazaeljardindelabuelo.es\\\/wp-content\\\/uploads\\\/2022\\\/05\\\/homeprincipaleljardinabuelo-1024x576.png\",\"width\":1024,\"height\":576,\"caption\":\"Terraza El Jard\u00edn del Abuelo\"},\"image\":{\"@id\":\"https:\\\/\\\/terrazaeljardindelabuelo.es\\\/#\\\/schema\\\/logo\\\/image\\\/\"}},{\"@type\":\"Person\",\"@id\":\"https:\\\/\\\/terrazaeljardindelabuelo.es\\\/#\\\/schema\\\/person\\\/e44906fa7c3bfd3bbab3ce08d9708485\",\"name\":\"admin\",\"image\":{\"@type\":\"ImageObject\",\"inLanguage\":\"es\",\"@id\":\"https:\\\/\\\/secure.gravatar.com\\\/avatar\\\/a61f101b0e5d7d27fa80fb1197f5ae68db003ff22742df538c2c2475350922e5?s=96&d=mm&r=g\",\"url\":\"https:\\\/\\\/secure.gravatar.com\\\/avatar\\\/a61f101b0e5d7d27fa80fb1197f5ae68db003ff22742df538c2c2475350922e5?s=96&d=mm&r=g\",\"contentUrl\":\"https:\\\/\\\/secure.gravatar.com\\\/avatar\\\/a61f101b0e5d7d27fa80fb1197f5ae68db003ff22742df538c2c2475350922e5?s=96&d=mm&r=g\",\"caption\":\"admin\"},\"sameAs\":[\"https:\\\/\\\/terrazaeljardindelabuelo.es\"],\"url\":\"https:\\\/\\\/terrazaeljardindelabuelo.es\\\/index.php\\\/author\\\/admin\\\/\"}]}<\/script>\n<!-- \/ Yoast SEO plugin. -->","yoast_head_json":{"title":"El Jard\u00edn del Abuelo - El Jard\u00edn del Abuelo","description":"El Jard\u00edn del Abuelo, un nuevo oasis gastron\u00f3mico en pleno coraz\u00f3n de Madrid, de cocina mediterr\u00e1nea y a la vanguardia para deleitarle.","robots":{"index":"index","follow":"follow","max-snippet":"max-snippet:-1","max-image-preview":"max-image-preview:large","max-video-preview":"max-video-preview:-1"},"canonical":"https:\/\/terrazaeljardindelabuelo.es\/index.php\/2022\/05\/09\/el-jardin-del-abuelo\/","og_locale":"es_ES","og_type":"article","og_title":"El Jard\u00edn del Abuelo - El Jard\u00edn del Abuelo","og_description":"El Jard\u00edn del Abuelo, un nuevo oasis gastron\u00f3mico en pleno coraz\u00f3n de Madrid, de cocina mediterr\u00e1nea y a la vanguardia para deleitarle.","og_url":"https:\/\/terrazaeljardindelabuelo.es\/index.php\/2022\/05\/09\/el-jardin-del-abuelo\/","og_site_name":"El Jard\u00edn del Abuelo","article_published_time":"2022-05-09T13:12:31+00:00","article_modified_time":"2022-05-10T22:26:27+00:00","og_image":[{"width":1464,"height":2200,"url":"https:\/\/terrazaeljardindelabuelo.es\/wp-content\/uploads\/2022\/04\/annie-spratt-TQSB-suJu1k-unsplash-5.jpg","type":"image\/jpeg"}],"author":"admin","twitter_card":"summary_large_image","twitter_misc":{"Escrito por":"admin","Tiempo de lectura":"1 minuto"},"schema":{"@context":"https:\/\/schema.org","@graph":[{"@type":"Article","@id":"https:\/\/terrazaeljardindelabuelo.es\/index.php\/2022\/05\/09\/el-jardin-del-abuelo\/#article","isPartOf":{"@id":"https:\/\/terrazaeljardindelabuelo.es\/index.php\/2022\/05\/09\/el-jardin-del-abuelo\/"},"author":{"name":"admin","@id":"https:\/\/terrazaeljardindelabuelo.es\/#\/schema\/person\/e44906fa7c3bfd3bbab3ce08d9708485"},"headline":"El Jard\u00edn del Abuelo","datePublished":"2022-05-09T13:12:31+00:00","dateModified":"2022-05-10T22:26:27+00:00","mainEntityOfPage":{"@id":"https:\/\/terrazaeljardindelabuelo.es\/index.php\/2022\/05\/09\/el-jardin-del-abuelo\/"},"wordCount":159,"commentCount":0,"publisher":{"@id":"https:\/\/terrazaeljardindelabuelo.es\/#organization"},"image":{"@id":"https:\/\/terrazaeljardindelabuelo.es\/index.php\/2022\/05\/09\/el-jardin-del-abuelo\/#primaryimage"},"thumbnailUrl":"https:\/\/terrazaeljardindelabuelo.es\/wp-content\/uploads\/2022\/04\/annie-spratt-TQSB-suJu1k-unsplash-5.jpg","articleSection":["En Prensa","General"],"inLanguage":"es","potentialAction":[{"@type":"CommentAction","name":"Comment","target":["https:\/\/terrazaeljardindelabuelo.es\/index.php\/2022\/05\/09\/el-jardin-del-abuelo\/#respond"]}]},{"@type":"WebPage","@id":"https:\/\/terrazaeljardindelabuelo.es\/index.php\/2022\/05\/09\/el-jardin-del-abuelo\/","url":"https:\/\/terrazaeljardindelabuelo.es\/index.php\/2022\/05\/09\/el-jardin-del-abuelo\/","name":"El Jard\u00edn del Abuelo - El Jard\u00edn del Abuelo","isPartOf":{"@id":"https:\/\/terrazaeljardindelabuelo.es\/#website"},"primaryImageOfPage":{"@id":"https:\/\/terrazaeljardindelabuelo.es\/index.php\/2022\/05\/09\/el-jardin-del-abuelo\/#primaryimage"},"image":{"@id":"https:\/\/terrazaeljardindelabuelo.es\/index.php\/2022\/05\/09\/el-jardin-del-abuelo\/#primaryimage"},"thumbnailUrl":"https:\/\/terrazaeljardindelabuelo.es\/wp-content\/uploads\/2022\/04\/annie-spratt-TQSB-suJu1k-unsplash-5.jpg","datePublished":"2022-05-09T13:12:31+00:00","dateModified":"2022-05-10T22:26:27+00:00","description":"El Jard\u00edn del Abuelo, un nuevo oasis gastron\u00f3mico en pleno coraz\u00f3n de Madrid, de cocina mediterr\u00e1nea y a la vanguardia para deleitarle.","breadcrumb":{"@id":"https:\/\/terrazaeljardindelabuelo.es\/index.php\/2022\/05\/09\/el-jardin-del-abuelo\/#breadcrumb"},"inLanguage":"es","potentialAction":[{"@type":"ReadAction","target":["https:\/\/terrazaeljardindelabuelo.es\/index.php\/2022\/05\/09\/el-jardin-del-abuelo\/"]}]},{"@type":"ImageObject","inLanguage":"es","@id":"https:\/\/terrazaeljardindelabuelo.es\/index.php\/2022\/05\/09\/el-jardin-del-abuelo\/#primaryimage","url":"https:\/\/terrazaeljardindelabuelo.es\/wp-content\/uploads\/2022\/04\/annie-spratt-TQSB-suJu1k-unsplash-5.jpg","contentUrl":"https:\/\/terrazaeljardindelabuelo.es\/wp-content\/uploads\/2022\/04\/annie-spratt-TQSB-suJu1k-unsplash-5.jpg","width":1464,"height":2200},{"@type":"BreadcrumbList","@id":"https:\/\/terrazaeljardindelabuelo.es\/index.php\/2022\/05\/09\/el-jardin-del-abuelo\/#breadcrumb","itemListElement":[{"@type":"ListItem","position":1,"name":"Inicio","item":"https:\/\/terrazaeljardindelabuelo.es\/"},{"@type":"ListItem","position":2,"name":"El Jard\u00edn del Abuelo"}]},{"@type":"WebSite","@id":"https:\/\/terrazaeljardindelabuelo.es\/#website","url":"https:\/\/terrazaeljardindelabuelo.es\/","name":"El Jard\u00edn del Abuelo","description":"Cocina Mediterr\u00e1nea","publisher":{"@id":"https:\/\/terrazaeljardindelabuelo.es\/#organization"},"potentialAction":[{"@type":"SearchAction","target":{"@type":"EntryPoint","urlTemplate":"https:\/\/terrazaeljardindelabuelo.es\/?s={search_term_string}"},"query-input":{"@type":"PropertyValueSpecification","valueRequired":true,"valueName":"search_term_string"}}],"inLanguage":"es"},{"@type":"Organization","@id":"https:\/\/terrazaeljardindelabuelo.es\/#organization","name":"Terraza El Jard\u00edn del Abuelo","url":"https:\/\/terrazaeljardindelabuelo.es\/","logo":{"@type":"ImageObject","inLanguage":"es","@id":"https:\/\/terrazaeljardindelabuelo.es\/#\/schema\/logo\/image\/","url":"https:\/\/terrazaeljardindelabuelo.es\/wp-content\/uploads\/2022\/05\/homeprincipaleljardinabuelo-1024x576.png","contentUrl":"https:\/\/terrazaeljardindelabuelo.es\/wp-content\/uploads\/2022\/05\/homeprincipaleljardinabuelo-1024x576.png","width":1024,"height":576,"caption":"Terraza El Jard\u00edn del Abuelo"},"image":{"@id":"https:\/\/terrazaeljardindelabuelo.es\/#\/schema\/logo\/image\/"}},{"@type":"Person","@id":"https:\/\/terrazaeljardindelabuelo.es\/#\/schema\/person\/e44906fa7c3bfd3bbab3ce08d9708485","name":"admin","image":{"@type":"ImageObject","inLanguage":"es","@id":"https:\/\/secure.gravatar.com\/avatar\/a61f101b0e5d7d27fa80fb1197f5ae68db003ff22742df538c2c2475350922e5?s=96&d=mm&r=g","url":"https:\/\/secure.gravatar.com\/avatar\/a61f101b0e5d7d27fa80fb1197f5ae68db003ff22742df538c2c2475350922e5?s=96&d=mm&r=g","contentUrl":"https:\/\/secure.gravatar.com\/avatar\/a61f101b0e5d7d27fa80fb1197f5ae68db003ff22742df538c2c2475350922e5?s=96&d=mm&r=g","caption":"admin"},"sameAs":["https:\/\/terrazaeljardindelabuelo.es"],"url":"https:\/\/terrazaeljardindelabuelo.es\/index.php\/author\/admin\/"}]}},"loftoceanMetas":{"authorName":"admin","categories":[{"name":"En Prensa","link":"https:\/\/terrazaeljardindelabuelo.es\/index.php\/category\/en-prensa\/","count":1},{"name":"General","link":"https:\/\/terrazaeljardindelabuelo.es\/index.php\/category\/general\/","count":1}],"date":"mayo 9, 2022","featuredImageSRC":"https:\/\/terrazaeljardindelabuelo.es\/wp-content\/uploads\/2022\/04\/annie-spratt-TQSB-suJu1k-unsplash-5-150x150.jpg"},"_links":{"self":[{"href":"https:\/\/terrazaeljardindelabuelo.es\/index.php\/wp-json\/wp\/v2\/posts\/6521","targetHints":{"allow":["GET"]}}],"collection":[{"href":"https:\/\/terrazaeljardindelabuelo.es\/index.php\/wp-json\/wp\/v2\/posts"}],"about":[{"href":"https:\/\/terrazaeljardindelabuelo.es\/index.php\/wp-json\/wp\/v2\/types\/post"}],"author":[{"embeddable":true,"href":"https:\/\/terrazaeljardindelabuelo.es\/index.php\/wp-json\/wp\/v2\/users\/1"}],"replies":[{"embeddable":true,"href":"https:\/\/terrazaeljardindelabuelo.es\/index.php\/wp-json\/wp\/v2\/comments?post=6521"}],"version-history":[{"count":2,"href":"https:\/\/terrazaeljardindelabuelo.es\/index.php\/wp-json\/wp\/v2\/posts\/6521\/revisions"}],"predecessor-version":[{"id":7001,"href":"https:\/\/terrazaeljardindelabuelo.es\/index.php\/wp-json\/wp\/v2\/posts\/6521\/revisions\/7001"}],"wp:featuredmedia":[{"embeddable":true,"href":"https:\/\/terrazaeljardindelabuelo.es\/index.php\/wp-json\/wp\/v2\/media\/6024"}],"wp:attachment":[{"href":"https:\/\/terrazaeljardindelabuelo.es\/index.php\/wp-json\/wp\/v2\/media?parent=6521"}],"wp:term":[{"taxonomy":"category","embeddable":true,"href":"https:\/\/terrazaeljardindelabuelo.es\/index.php\/wp-json\/wp\/v2\/categories?post=6521"},{"taxonomy":"post_tag","embeddable":true,"href":"https:\/\/terrazaeljardindelabuelo.es\/index.php\/wp-json\/wp\/v2\/tags?post=6521"}],"curies":[{"name":"wp","href":"https:\/\/api.w.org\/{rel}","templated":true}]}}